{"id":2314,"date":"2019-09-16T14:30:17","date_gmt":"2019-09-16T19:30:17","guid":{"rendered":"http:\/\/sepperu.com.pe\/wp1\/?p=2314"},"modified":"2019-09-20T17:44:40","modified_gmt":"2019-09-20T22:44:40","slug":"dia-del-entomologo-peruano","status":"publish","type":"post","link":"https:\/\/sepperu.org.pe\/index.php\/2019\/09\/16\/dia-del-entomologo-peruano\/","title":{"rendered":"D\u00eda del Entom\u00f3logo Peruano"},"content":{"rendered":"<body>\n<p class=\"wp-block-paragraph\">Cada <strong>11 de Agosto<\/strong>, desde 1959, se celebra el D\u00eda del Entom\u00f3logo Peruano. En esta fecha conmemoramos la llegada a Per\u00fa en 1929 del bi\u00f3logo alem\u00e1n <strong>Dr. Johannes E. Wille <\/strong>(Gera, 1892 \u2013 Lima, 1959) quien fue nombrado entom\u00f3logo jefe de la Estaci\u00f3n Experimental Agr\u00edcola de la Sociedad Nacional Agraria en La Molina. <\/p>\n\n\n\n<p class=\"wp-block-paragraph\">Adem\u00e1s, ejerci\u00f3 la ense\u00f1anza de Entomolog\u00eda y Zoolog\u00eda Agr\u00edcola en la Escuela Nacional de Agricultura (1933-1955). Asimismo, J.E. Wille fund\u00f3 y presidi\u00f3 la Sociedad Entomol\u00f3gica del Per\u00fa de 1956 a 1959.<\/p>\n\n\n\n<div class=\"wp-block-image\"><figure class=\"aligncenter\"><img decoding=\"async\" width=\"800\" height=\"800\" src=\"http:\/\/sepperu.com.pe\/wp1\/wp-content\/uploads\/2019\/09\/11deAgosto_hq.png\" alt=\"\" class=\"wp-image-2355\" loading=\"lazy\" srcset=\"https:\/\/sepperu.org.pe\/wp-content\/uploads\/2019\/09\/11deAgosto_hq.png 800w, https:\/\/sepperu.org.pe\/wp-content\/uploads\/2019\/09\/11deAgosto_hq-150x150.png 150w, https:\/\/sepperu.org.pe\/wp-content\/uploads\/2019\/09\/11deAgosto_hq-300x300.png 300w, https:\/\/sepperu.org.pe\/wp-content\/uploads\/2019\/09\/11deAgosto_hq-768x768.png 768w\" sizes=\"auto, (max-width: 800px) 100vw, 800px\" \/><\/figure><\/div>\n<\/body>","protected":false},"excerpt":{"rendered":"<p>Cada 11 de Agosto, desde 1959, se celebra el D\u00eda del Entom\u00f3logo Peruano. En esta fecha conmemoramos la llegada a Per\u00fa en 1929 del bi\u00f3logo alem\u00e1n Dr. Johannes E. Wille (Gera, 1892 \u2013 Lima, 1959) quien fue nombrado entom\u00f3logo jefe de la Estaci\u00f3n Experimental Agr\u00edcola de la Sociedad Nacional Agraria en La Molina. Adem\u00e1s, ejerci\u00f3&hellip;<\/p>\n","protected":false},"author":1,"featured_media":2360,"comment_status":"closed","ping_status":"closed","sticky":false,"template":"","format":"standard","meta":{"_monsterinsights_skip_tracking":false,"footnotes":""},"categories":[27],"tags":[],"class_list":["post-2314","post","type-post","status-publish","format-standard","has-post-thumbnail","hentry","category-eventos","category-27","description-off"],"aioseo_notices":[],"aioseo_head":"\n\t\t<!-- All in One SEO 5.0.1.1 - aioseo.com -->\n\t<meta name=\"robots\" content=\"max-image-preview:large\" \/>\n\t<meta name=\"author\" content=\"SEPPERU\"\/>\n\t<link rel=\"canonical\" href=\"https:\/\/sepperu.org.pe\/index.php\/2019\/09\/16\/dia-del-entomologo-peruano\/\" \/>\n\t<meta name=\"generator\" content=\"All in One SEO (AIOSEO) 5.0.1.1\" \/>\n\t\t<meta property=\"og:locale\" content=\"es_ES\" \/>\n\t\t<meta property=\"og:site_name\" content=\"Sociedad Entomologica del Peru | Asociaci\u00f3n Cient\u00edfica Peruana de Entomolog\u00eda\" \/>\n\t\t<meta property=\"og:type\" content=\"article\" \/>\n\t\t<meta property=\"og:title\" content=\"D\u00eda del Entom\u00f3logo Peruano | Sociedad Entomologica del Peru\" \/>\n\t\t<meta property=\"og:url\" content=\"https:\/\/sepperu.org.pe\/index.php\/2019\/09\/16\/dia-del-entomologo-peruano\/\" \/>\n\t\t<meta property=\"article:published_time\" content=\"2019-09-16T19:30:17+00:00\" \/>\n\t\t<meta property=\"article:modified_time\" content=\"2019-09-20T22:44:40+00:00\" \/>\n\t\t<meta name=\"twitter:card\" content=\"summary\" \/>\n\t\t<meta name=\"twitter:title\" content=\"D\u00eda del Entom\u00f3logo Peruano | Sociedad Entomologica del Peru\" \/>\n\t\t<script type=\"application\/ld+json\" class=\"aioseo-schema\">\n\t\t\t{\"@context\":\"https:\\\/\\\/schema.org\",\"@graph\":[{\"@type\":\"Article\",\"@id\":\"https:\\\/\\\/sepperu.org.pe\\\/index.php\\\/2019\\\/09\\\/16\\\/dia-del-entomologo-peruano\\\/#article\",\"name\":\"D\\u00eda del Entom\\u00f3logo Peruano | Sociedad Entomologica del Peru\",\"headline\":\"D\\u00eda del Entom\\u00f3logo Peruano\",\"author\":{\"@id\":\"https:\\\/\\\/sepperu.org.pe\\\/index.php\\\/author\\\/sepperu\\\/#author\"},\"publisher\":{\"@id\":\"https:\\\/\\\/sepperu.org.pe\\\/#organization\"},\"image\":{\"@type\":\"ImageObject\",\"url\":\"https:\\\/\\\/sepperu.org.pe\\\/wp-content\\\/uploads\\\/2019\\\/09\\\/dia-del-entomologo-peruano-flyer-portal-hq2.jpg\",\"width\":1000,\"height\":667},\"datePublished\":\"2019-09-16T14:30:17-05:00\",\"dateModified\":\"2019-09-20T17:44:40-05:00\",\"inLanguage\":\"es-PE\",\"mainEntityOfPage\":{\"@id\":\"https:\\\/\\\/sepperu.org.pe\\\/index.php\\\/2019\\\/09\\\/16\\\/dia-del-entomologo-peruano\\\/#webpage\"},\"isPartOf\":{\"@id\":\"https:\\\/\\\/sepperu.org.pe\\\/index.php\\\/2019\\\/09\\\/16\\\/dia-del-entomologo-peruano\\\/#webpage\"},\"articleSection\":\"Eventos\"},{\"@type\":\"BreadcrumbList\",\"@id\":\"https:\\\/\\\/sepperu.org.pe\\\/index.php\\\/2019\\\/09\\\/16\\\/dia-del-entomologo-peruano\\\/#breadcrumblist\",\"itemListElement\":[{\"@type\":\"ListItem\",\"@id\":\"https:\\\/\\\/sepperu.org.pe#listItem\",\"position\":1,\"name\":\"Home\",\"item\":\"https:\\\/\\\/sepperu.org.pe\",\"nextItem\":{\"@type\":\"ListItem\",\"@id\":\"https:\\\/\\\/sepperu.org.pe\\\/index.php\\\/category\\\/eventos\\\/#listItem\",\"name\":\"Eventos\"}},{\"@type\":\"ListItem\",\"@id\":\"https:\\\/\\\/sepperu.org.pe\\\/index.php\\\/category\\\/eventos\\\/#listItem\",\"position\":2,\"name\":\"Eventos\",\"item\":\"https:\\\/\\\/sepperu.org.pe\\\/index.php\\\/category\\\/eventos\\\/\",\"nextItem\":{\"@type\":\"ListItem\",\"@id\":\"https:\\\/\\\/sepperu.org.pe\\\/index.php\\\/2019\\\/09\\\/16\\\/dia-del-entomologo-peruano\\\/#listItem\",\"name\":\"D\\u00eda del Entom\\u00f3logo Peruano\"},\"previousItem\":{\"@type\":\"ListItem\",\"@id\":\"https:\\\/\\\/sepperu.org.pe#listItem\",\"name\":\"Home\"}},{\"@type\":\"ListItem\",\"@id\":\"https:\\\/\\\/sepperu.org.pe\\\/index.php\\\/2019\\\/09\\\/16\\\/dia-del-entomologo-peruano\\\/#listItem\",\"position\":3,\"name\":\"D\\u00eda del Entom\\u00f3logo Peruano\",\"previousItem\":{\"@type\":\"ListItem\",\"@id\":\"https:\\\/\\\/sepperu.org.pe\\\/index.php\\\/category\\\/eventos\\\/#listItem\",\"name\":\"Eventos\"}}]},{\"@type\":\"Organization\",\"@id\":\"https:\\\/\\\/sepperu.org.pe\\\/#organization\",\"name\":\"Sociedad Entomologica del Peru\",\"description\":\"Asociaci\\u00f3n Cient\\u00edfica Peruana de Entomolog\\u00eda\",\"url\":\"https:\\\/\\\/sepperu.org.pe\\\/\"},{\"@type\":\"Person\",\"@id\":\"https:\\\/\\\/sepperu.org.pe\\\/index.php\\\/author\\\/sepperu\\\/#author\",\"url\":\"https:\\\/\\\/sepperu.org.pe\\\/index.php\\\/author\\\/sepperu\\\/\",\"name\":\"SEPPERU\",\"image\":{\"@type\":\"ImageObject\",\"@id\":\"https:\\\/\\\/sepperu.org.pe\\\/index.php\\\/2019\\\/09\\\/16\\\/dia-del-entomologo-peruano\\\/#authorImage\",\"url\":\"https:\\\/\\\/secure.gravatar.com\\\/avatar\\\/e177cd27f30b93c9e4ba3014c7d667a621242e37735fdd416e04fdadf7df32a0?s=96&d=mm&r=g\",\"width\":96,\"height\":96,\"caption\":\"SEPPERU\"}},{\"@type\":\"WebPage\",\"@id\":\"https:\\\/\\\/sepperu.org.pe\\\/index.php\\\/2019\\\/09\\\/16\\\/dia-del-entomologo-peruano\\\/#webpage\",\"url\":\"https:\\\/\\\/sepperu.org.pe\\\/index.php\\\/2019\\\/09\\\/16\\\/dia-del-entomologo-peruano\\\/\",\"name\":\"D\\u00eda del Entom\\u00f3logo Peruano | Sociedad Entomologica del Peru\",\"inLanguage\":\"es-PE\",\"isPartOf\":{\"@id\":\"https:\\\/\\\/sepperu.org.pe\\\/#website\"},\"breadcrumb\":{\"@id\":\"https:\\\/\\\/sepperu.org.pe\\\/index.php\\\/2019\\\/09\\\/16\\\/dia-del-entomologo-peruano\\\/#breadcrumblist\"},\"author\":{\"@id\":\"https:\\\/\\\/sepperu.org.pe\\\/index.php\\\/author\\\/sepperu\\\/#author\"},\"creator\":{\"@id\":\"https:\\\/\\\/sepperu.org.pe\\\/index.php\\\/author\\\/sepperu\\\/#author\"},\"image\":{\"@type\":\"ImageObject\",\"url\":\"https:\\\/\\\/sepperu.org.pe\\\/wp-content\\\/uploads\\\/2019\\\/09\\\/dia-del-entomologo-peruano-flyer-portal-hq2.jpg\",\"@id\":\"https:\\\/\\\/sepperu.org.pe\\\/index.php\\\/2019\\\/09\\\/16\\\/dia-del-entomologo-peruano\\\/#mainImage\",\"width\":1000,\"height\":667},\"primaryImageOfPage\":{\"@id\":\"https:\\\/\\\/sepperu.org.pe\\\/index.php\\\/2019\\\/09\\\/16\\\/dia-del-entomologo-peruano\\\/#mainImage\"},\"datePublished\":\"2019-09-16T14:30:17-05:00\",\"dateModified\":\"2019-09-20T17:44:40-05:00\"},{\"@type\":\"WebSite\",\"@id\":\"https:\\\/\\\/sepperu.org.pe\\\/#website\",\"url\":\"https:\\\/\\\/sepperu.org.pe\\\/\",\"name\":\"Sociedad Entomologica del Peru\",\"description\":\"Asociaci\\u00f3n Cient\\u00edfica Peruana de Entomolog\\u00eda\",\"inLanguage\":\"es-PE\",\"publisher\":{\"@id\":\"https:\\\/\\\/sepperu.org.pe\\\/#organization\"}}]}\n\t\t<\/script>\n\t\t<!-- All in One SEO -->\n\n","aioseo_head_json":{"title":"D\u00eda del Entom\u00f3logo Peruano | Sociedad Entomologica del Peru","description":"","canonical_url":"https:\/\/sepperu.org.pe\/index.php\/2019\/09\/16\/dia-del-entomologo-peruano\/","robots":"max-image-preview:large","keywords":"","webmasterTools":{"miscellaneous":""},"schema":{"@context":"https:\/\/schema.org","@graph":[{"@type":"Article","@id":"https:\/\/sepperu.org.pe\/index.php\/2019\/09\/16\/dia-del-entomologo-peruano\/#article","name":"D\u00eda del Entom\u00f3logo Peruano | Sociedad Entomologica del Peru","headline":"D\u00eda del Entom\u00f3logo Peruano","author":{"@id":"https:\/\/sepperu.org.pe\/index.php\/author\/sepperu\/#author"},"publisher":{"@id":"https:\/\/sepperu.org.pe\/#organization"},"image":{"@type":"ImageObject","url":"https:\/\/sepperu.org.pe\/wp-content\/uploads\/2019\/09\/dia-del-entomologo-peruano-flyer-portal-hq2.jpg","width":1000,"height":667},"datePublished":"2019-09-16T14:30:17-05:00","dateModified":"2019-09-20T17:44:40-05:00","inLanguage":"es-PE","mainEntityOfPage":{"@id":"https:\/\/sepperu.org.pe\/index.php\/2019\/09\/16\/dia-del-entomologo-peruano\/#webpage"},"isPartOf":{"@id":"https:\/\/sepperu.org.pe\/index.php\/2019\/09\/16\/dia-del-entomologo-peruano\/#webpage"},"articleSection":"Eventos"},{"@type":"BreadcrumbList","@id":"https:\/\/sepperu.org.pe\/index.php\/2019\/09\/16\/dia-del-entomologo-peruano\/#breadcrumblist","itemListElement":[{"@type":"ListItem","@id":"https:\/\/sepperu.org.pe#listItem","position":1,"name":"Home","item":"https:\/\/sepperu.org.pe","nextItem":{"@type":"ListItem","@id":"https:\/\/sepperu.org.pe\/index.php\/category\/eventos\/#listItem","name":"Eventos"}},{"@type":"ListItem","@id":"https:\/\/sepperu.org.pe\/index.php\/category\/eventos\/#listItem","position":2,"name":"Eventos","item":"https:\/\/sepperu.org.pe\/index.php\/category\/eventos\/","nextItem":{"@type":"ListItem","@id":"https:\/\/sepperu.org.pe\/index.php\/2019\/09\/16\/dia-del-entomologo-peruano\/#listItem","name":"D\u00eda del Entom\u00f3logo Peruano"},"previousItem":{"@type":"ListItem","@id":"https:\/\/sepperu.org.pe#listItem","name":"Home"}},{"@type":"ListItem","@id":"https:\/\/sepperu.org.pe\/index.php\/2019\/09\/16\/dia-del-entomologo-peruano\/#listItem","position":3,"name":"D\u00eda del Entom\u00f3logo Peruano","previousItem":{"@type":"ListItem","@id":"https:\/\/sepperu.org.pe\/index.php\/category\/eventos\/#listItem","name":"Eventos"}}]},{"@type":"Organization","@id":"https:\/\/sepperu.org.pe\/#organization","name":"Sociedad Entomologica del Peru","description":"Asociaci\u00f3n Cient\u00edfica Peruana de Entomolog\u00eda","url":"https:\/\/sepperu.org.pe\/"},{"@type":"Person","@id":"https:\/\/sepperu.org.pe\/index.php\/author\/sepperu\/#author","url":"https:\/\/sepperu.org.pe\/index.php\/author\/sepperu\/","name":"SEPPERU","image":{"@type":"ImageObject","@id":"https:\/\/sepperu.org.pe\/index.php\/2019\/09\/16\/dia-del-entomologo-peruano\/#authorImage","url":"https:\/\/secure.gravatar.com\/avatar\/e177cd27f30b93c9e4ba3014c7d667a621242e37735fdd416e04fdadf7df32a0?s=96&d=mm&r=g","width":96,"height":96,"caption":"SEPPERU"}},{"@type":"WebPage","@id":"https:\/\/sepperu.org.pe\/index.php\/2019\/09\/16\/dia-del-entomologo-peruano\/#webpage","url":"https:\/\/sepperu.org.pe\/index.php\/2019\/09\/16\/dia-del-entomologo-peruano\/","name":"D\u00eda del Entom\u00f3logo Peruano | Sociedad Entomologica del Peru","inLanguage":"es-PE","isPartOf":{"@id":"https:\/\/sepperu.org.pe\/#website"},"breadcrumb":{"@id":"https:\/\/sepperu.org.pe\/index.php\/2019\/09\/16\/dia-del-entomologo-peruano\/#breadcrumblist"},"author":{"@id":"https:\/\/sepperu.org.pe\/index.php\/author\/sepperu\/#author"},"creator":{"@id":"https:\/\/sepperu.org.pe\/index.php\/author\/sepperu\/#author"},"image":{"@type":"ImageObject","url":"https:\/\/sepperu.org.pe\/wp-content\/uploads\/2019\/09\/dia-del-entomologo-peruano-flyer-portal-hq2.jpg","@id":"https:\/\/sepperu.org.pe\/index.php\/2019\/09\/16\/dia-del-entomologo-peruano\/#mainImage","width":1000,"height":667},"primaryImageOfPage":{"@id":"https:\/\/sepperu.org.pe\/index.php\/2019\/09\/16\/dia-del-entomologo-peruano\/#mainImage"},"datePublished":"2019-09-16T14:30:17-05:00","dateModified":"2019-09-20T17:44:40-05:00"},{"@type":"WebSite","@id":"https:\/\/sepperu.org.pe\/#website","url":"https:\/\/sepperu.org.pe\/","name":"Sociedad Entomologica del Peru","description":"Asociaci\u00f3n Cient\u00edfica Peruana de Entomolog\u00eda","inLanguage":"es-PE","publisher":{"@id":"https:\/\/sepperu.org.pe\/#organization"}}]},"og:locale":"es_ES","og:site_name":"Sociedad Entomologica del Peru | Asociaci\u00f3n Cient\u00edfica Peruana de Entomolog\u00eda","og:type":"article","og:title":"D\u00eda del Entom\u00f3logo Peruano | Sociedad Entomologica del Peru","og:url":"https:\/\/sepperu.org.pe\/index.php\/2019\/09\/16\/dia-del-entomologo-peruano\/","article:published_time":"2019-09-16T19:30:17+00:00","article:modified_time":"2019-09-20T22:44:40+00:00","twitter:card":"summary","twitter:title":"D\u00eda del Entom\u00f3logo Peruano | Sociedad Entomologica del Peru"},"aioseo_meta_data":{"post_id":"2314","title":null,"description":null,"keywords":null,"keyphrases":null,"primary_term":null,"canonical_url":null,"og_title":null,"og_description":null,"og_object_type":"default","og_image_type":"default","og_image_url":null,"og_image_width":null,"og_image_height":null,"og_image_custom_url":null,"og_image_custom_fields":null,"og_video":null,"og_custom_url":null,"og_article_section":null,"og_article_tags":null,"twitter_use_og":false,"twitter_card":"default","twitter_image_type":"default","twitter_image_url":null,"twitter_image_custom_url":null,"twitter_image_custom_fields":null,"twitter_title":null,"twitter_description":null,"schema":{"blockGraphs":[],"customGraphs":[],"default":{"data":{"Article":[],"Course":[],"Dataset":[],"FAQPage":[],"Movie":[],"Person":[],"Product":[],"ProductReview":[],"Car":[],"Recipe":[],"Service":[],"SoftwareApplication":[],"WebPage":[]},"graphName":"","isEnabled":true},"graphs":[],"defaultGraph":"","defaultPostTypeGraph":""},"schema_type":null,"schema_type_options":null,"pillar_content":false,"robots_default":true,"robots_noindex":false,"robots_noarchive":false,"robots_nosnippet":false,"robots_nofollow":false,"robots_noimageindex":false,"robots_noodp":false,"robots_notranslate":false,"robots_max_snippet":null,"robots_max_videopreview":null,"robots_max_imagepreview":"large","priority":null,"frequency":null,"location":null,"local_seo":null,"breadcrumb_settings":null,"limit_modified_date":false,"ai":null,"created":"2020-12-21 08:45:26","updated":"2025-06-03 20:46:46","seo_analyzer_scan_date":null,"focus_keyword":null,"additional_keywords":null,"truseo_locale":null},"aioseo_breadcrumb":"<div class=\"aioseo-breadcrumbs\"><span class=\"aioseo-breadcrumb\">\n\t\t\t<a href=\"https:\/\/sepperu.org.pe\" title=\"Home\">Home<\/a>\n\t\t<\/span><span class=\"aioseo-breadcrumb-separator\">&raquo;<\/span><span class=\"aioseo-breadcrumb\">\n\t\t\t<a href=\"https:\/\/sepperu.org.pe\/index.php\/category\/eventos\/\" title=\"Eventos\">Eventos<\/a>\n\t\t<\/span><span class=\"aioseo-breadcrumb-separator\">&raquo;<\/span><span class=\"aioseo-breadcrumb\">\n\t\t\tD\u00eda del Entom\u00f3logo Peruano\n\t\t<\/span><\/div>","aioseo_breadcrumb_json":[{"label":"Home","link":"https:\/\/sepperu.org.pe"},{"label":"Eventos","link":"https:\/\/sepperu.org.pe\/index.php\/category\/eventos\/"},{"label":"D\u00eda del Entom\u00f3logo Peruano","link":"https:\/\/sepperu.org.pe\/index.php\/2019\/09\/16\/dia-del-entomologo-peruano\/"}],"jetpack_featured_media_url":"https:\/\/sepperu.org.pe\/wp-content\/uploads\/2019\/09\/dia-del-entomologo-peruano-flyer-portal-hq2.jpg","_links":{"self":[{"href":"https:\/\/sepperu.org.pe\/index.php\/wp-json\/wp\/v2\/posts\/2314","targetHints":{"allow":["GET"]}}],"collection":[{"href":"https:\/\/sepperu.org.pe\/index.php\/wp-json\/wp\/v2\/posts"}],"about":[{"href":"https:\/\/sepperu.org.pe\/index.php\/wp-json\/wp\/v2\/types\/post"}],"author":[{"embeddable":true,"href":"https:\/\/sepperu.org.pe\/index.php\/wp-json\/wp\/v2\/users\/1"}],"replies":[{"embeddable":true,"href":"https:\/\/sepperu.org.pe\/index.php\/wp-json\/wp\/v2\/comments?post=2314"}],"version-history":[{"count":2,"href":"https:\/\/sepperu.org.pe\/index.php\/wp-json\/wp\/v2\/posts\/2314\/revisions"}],"predecessor-version":[{"id":2356,"href":"https:\/\/sepperu.org.pe\/index.php\/wp-json\/wp\/v2\/posts\/2314\/revisions\/2356"}],"wp:featuredmedia":[{"embeddable":true,"href":"https:\/\/sepperu.org.pe\/index.php\/wp-json\/wp\/v2\/media\/2360"}],"wp:attachment":[{"href":"https:\/\/sepperu.org.pe\/index.php\/wp-json\/wp\/v2\/media?parent=2314"}],"wp:term":[{"taxonomy":"category","embeddable":true,"href":"https:\/\/sepperu.org.pe\/index.php\/wp-json\/wp\/v2\/categories?post=2314"},{"taxonomy":"post_tag","embeddable":true,"href":"https:\/\/sepperu.org.pe\/index.php\/wp-json\/wp\/v2\/tags?post=2314"}],"curies":[{"name":"wp","href":"https:\/\/api.w.org\/{rel}","templated":true}]}}